[{"@context":"https:\/\/schema.org\/","@type":"Article","@id":"https:\/\/www.hbrent.cz\/nabytek-ktery-nepouzivate\/#Article","mainEntityOfPage":"https:\/\/www.hbrent.cz\/nabytek-ktery-nepouzivate\/","headline":"N\u00e1bytek, kter\u00fd nepou\u017e\u00edv\u00e1te","name":"N\u00e1bytek, kter\u00fd nepou\u017e\u00edv\u00e1te","description":"Pot\u0159ebujete ze sv\u00e9ho domova p\u0159ev\u00e9zt nepot\u0159ebn\u00e9 sk\u0159\u00edn\u011b? Va\u0161e babi\u010dka velice tou\u017e\u00ed po kuchy\u0148sk\u00e9m stole, kter\u00fd ji\u017e nepou\u017e\u00edv\u00e1te, samoz\u0159ejm\u011b i se sadou \u017eidl\u00ed? M\u016f\u017eete si objednat st\u011bhovac\u00ed firmu, m\u016f\u017eete to v\u0161ak za\u0159\u00eddit i sami, o pozn\u00e1n\u00ed levn\u011bji. Nam\u00edt\u00e1te, \u017ee nem\u00e1te pot\u0159ebn\u00e9 vybaven\u00ed? Nevad\u00ed, to v\u0161e z\u00edsk\u00e1te za velice p\u0159\u00edjemn\u00fdch podm\u00ednek u n\u00e1s, a p\u016fj\u010dovn\u011b dod\u00e1vek. Umo\u017en\u00edme&hellip; ","datePublished":"2025-08-29","dateModified":"2025-08-29","author":{"@type":"Person","@id":"https:\/\/www.hbrent.cz\/author\/#Person","name":"","url":"https:\/\/www.hbrent.cz\/author\/","identifier":1,"image":{"@type":"ImageObject","@id":"https:\/\/secure.gravatar.com\/avatar\/01173f1da90dde8adb887d6793fa4e42c4004e53f8d645d9b1cb57c2dee8e188?s=96&d=mm&r=g","url":"https:\/\/secure.gravatar.com\/avatar\/01173f1da90dde8adb887d6793fa4e42c4004e53f8d645d9b1cb57c2dee8e188?s=96&d=mm&r=g","height":96,"width":96}},"publisher":{"@type":"Organization","name":"hbrent.cz","logo":{"@type":"ImageObject","@id":"\/logo.png","url":"\/logo.png","width":600,"height":60}},"url":"https:\/\/www.hbrent.cz\/nabytek-ktery-nepouzivate\/","wordCount":183,"articleBody":"Pot\u0159ebujete ze sv\u00e9ho domova p\u0159ev\u00e9zt nepot\u0159ebn\u00e9 sk\u0159\u00edn\u011b? Va\u0161e babi\u010dka velice tou\u017e\u00ed po kuchy\u0148sk\u00e9m stole, kter\u00fd ji\u017e nepou\u017e\u00edv\u00e1te, samoz\u0159ejm\u011b i se sadou \u017eidl\u00ed? M\u016f\u017eete si objednat st\u011bhovac\u00ed firmu, m\u016f\u017eete to v\u0161ak za\u0159\u00eddit i sami, o pozn\u00e1n\u00ed levn\u011bji. Nam\u00edt\u00e1te, \u017ee nem\u00e1te pot\u0159ebn\u00e9 vybaven\u00ed? Nevad\u00ed, to v\u0161e z\u00edsk\u00e1te za velice p\u0159\u00edjemn\u00fdch podm\u00ednek u n\u00e1s, a p\u016fj\u010dovn\u011b dod\u00e1vek. Umo\u017en\u00edme V\u00e1m ho p\u0159ev\u00e9zt A jak\u00e9 tedy ony p\u0159\u00edjemn\u00e9 podm\u00ednky jsou? Snad prvn\u00ed zm\u00edn\u00edme na\u0161i otev\u00edrac\u00ed dobu, jsme zde pro V\u00e1s ka\u017ed\u00fd den, po cel\u00fdch 24 hodin. A kdy\u017e \u0159\u00edk\u00e1me ka\u017ed\u00fd den, mysl\u00edme t\u00edm skute\u010dn\u011b ka\u017ed\u00fd, a\u0165 je sobota, ned\u011ble \u010di sv\u00e1tek. A dal\u0161\u00ed v\u00fdhodou? Je to mo\u017enost dlouhodob\u00e9ho i kr\u00e1tkodob\u00e9ho pron\u00e1jmu, oboj\u00ed za velice p\u0159\u00edzniv\u00e9 ceny. Vozy jsou vybaveny i d\u00e1lni\u010dn\u00edmi zn\u00e1mkami.                                                                                                                                                                                                                                                                                                                                                                                                "},{"@context":"https:\/\/schema.org\/","@type":"BreadcrumbList","itemListElement":[{"@type":"ListItem","position":1,"name":"N\u00e1bytek, kter\u00fd nepou\u017e\u00edv\u00e1te","item":"https:\/\/www.hbrent.cz\/nabytek-ktery-nepouzivate\/#breadcrumbitem"}]}]