[{"@context":"https:\/\/schema.org\/","@type":"Article","@id":"https:\/\/www.hbrent.cz\/zase-ta-politika\/#Article","mainEntityOfPage":"https:\/\/www.hbrent.cz\/zase-ta-politika\/","headline":"Zase ta politika","name":"Zase ta politika","description":"Dok\u00e1\u017eete si p\u0159edstavit, jak by fungoval st\u00e1t, kter\u00fd by si nefinancoval sv\u016fj chod ? Ano, p\u0159esn\u011b tak dan\u00fd st\u00e1t by nemohl za \u017e\u00e1dnou cenu fungovat, proto\u017ee chod dan\u00e9ho st\u00e1tu se financovat prost\u011b mus\u00ed. A jak jist\u011b v\u00edte, aby dan\u00fd st\u00e1t fungoval v pohod\u011b a lid\u00e9 v dan\u00e9m st\u00e1t\u011b ne\u017eili v naprost\u00e9m chaosu, v\u017edy se mus\u00ed&hellip; ","datePublished":"2022-04-28","dateModified":"2022-04-28","author":{"@type":"Person","@id":"https:\/\/www.hbrent.cz\/author\/#Person","name":"","url":"https:\/\/www.hbrent.cz\/author\/","identifier":1,"image":{"@type":"ImageObject","@id":"https:\/\/secure.gravatar.com\/avatar\/01173f1da90dde8adb887d6793fa4e42c4004e53f8d645d9b1cb57c2dee8e188?s=96&d=mm&r=g","url":"https:\/\/secure.gravatar.com\/avatar\/01173f1da90dde8adb887d6793fa4e42c4004e53f8d645d9b1cb57c2dee8e188?s=96&d=mm&r=g","height":96,"width":96}},"publisher":{"@type":"Organization","name":"hbrent.cz","logo":{"@type":"ImageObject","@id":"\/logo.png","url":"\/logo.png","width":600,"height":60}},"image":{"@type":"ImageObject","@id":"https:\/\/www.hbrent.cz\/wp-content\/uploads\/MAT89635b_Snmekobrazovky2021_02_12162641.jpg","url":"https:\/\/www.hbrent.cz\/wp-content\/uploads\/MAT89635b_Snmekobrazovky2021_02_12162641.jpg","height":0,"width":0},"url":"https:\/\/www.hbrent.cz\/zase-ta-politika\/","about":["Finance"],"wordCount":490,"articleBody":"   Dok\u00e1\u017eete si p\u0159edstavit, jak by fungoval st\u00e1t, kter\u00fd by si nefinancoval sv\u016fj chod ? Ano, p\u0159esn\u011b tak dan\u00fd st\u00e1t by nemohl za \u017e\u00e1dnou cenu fungovat, proto\u017ee chod dan\u00e9ho st\u00e1tu se financovat prost\u011b mus\u00ed. A jak jist\u011b v\u00edte, aby dan\u00fd st\u00e1t fungoval v pohod\u011b a lid\u00e9 v dan\u00e9m st\u00e1t\u011b ne\u017eili v naprost\u00e9m chaosu, v\u017edy se mus\u00ed vytvo\u0159it tzv. st\u00e1tn\u00ed rozpo\u010det, ve kter\u00e9 se nach\u00e1zej\u00ed ve\u0161ker\u00e9 p\u0159\u00edjmy a v\u00fddaje dan\u00e9ho st\u00e1tu. Pokud se v dan\u00e9m st\u00e1t\u011b nach\u00e1z\u00ed norm\u00e1ln\u00ed a zodpov\u011bdn\u00e1 vl\u00e1da neboli politici je takov\u00fdto rozpo\u010det p\u0159ebytkov\u00fd nebo alespo\u0148 dostate\u010dn\u00fd, nikoliv v\u0161ak m\u00ednusov\u00fd. Jen\u017ee jak jist\u011b ka\u017ed\u00e9mu dojde do t\u011bchto st\u00e1t\u016f, ten n\u00e1\u0161 u\u017e dlouhodob\u011b bohu\u017eel nepat\u0159\u00ed, ale pro\u010d ? proto\u017ee na\u0161e vl\u00e1da a na\u0161i politici rozm\u00fd\u0161lely v\u017edy takov\u00fdm stylem, \u017ee rozpo\u010det na\u0161\u00ed zem\u011b v\u017edy skon\u010dil v m\u00ednusu a v dob\u011b pandemie je to dokonce je\u0161t\u011b hor\u0161\u00ed. Nap\u0159\u00edklad v roce 2021 n\u00e1m na\u0161e &#8222;rozumn\u00e1 &#8220; vl\u00e1da schv\u00e1lila rozpo\u010det na rok 2022 ve v\u00fd\u0161i cca 390 miliard korun. a to pro n\u00e1s znamen\u00e1 pouze jedin\u00e9, a to \u017ee pokud cht\u011bj\u00ed takhle pokra\u010dovat i nad\u00e1le tak nakonec bude n\u00e1\u0161 rozpo\u010det v m\u00ednusu v\u0161ech m\u00ednus\u016f. A co z toho vypov\u00edd\u00e1 ? no p\u0159ece to, \u017ee na\u0161e rozumn\u00e1 ministryn\u011b financ\u00ed Schillerov\u00e1 n\u00e1m t\u00edm oznamuje a nazna\u010duje, \u017ee n\u00e1\u0161 st\u00e1t spot\u0159ebuje naprosto v\u0161echny na\u0161e p\u0159\u00edjmy, a tud\u00ed\u017e budou pot\u0159ebovat minim\u00e1ln\u011b trojn\u00e1sobek ceny uveden\u00e9 v\u00fd\u0161e. Tak\u017ee kdy\u017e si to rozebereme v p\u0159epo\u010dtu tak p\u0159\u00ed\u0161t\u00ed rok n\u00e1m to zaru\u010duje to \u017ee ka\u017ed\u00fd n\u00e1\u0161 ob\u010dan bude v p\u0159\u00ed\u0161t\u00edm roce zadlu\u017een minim\u00e1ln\u011b cca 40 tis\u00edc korun. A to jak v\u00e1m jist\u011b m\u016f\u017ee doj\u00edt se nikomu ale absolutn\u011b nikomu z na\u0161ich ob\u010dan\u016f nebude l\u00edbit proto\u017ee tento dluh budeme spl\u00e1cet pen\u011bzi kter\u00e9 utrat\u00edte za j\u00eddlo, naftu a podobn\u011b. Na\u0161e vl\u00e1da si mysl\u00ed \u017ee ob\u010dan\u016fm t\u00e9to zem\u011b bude l\u00e9pe kdy\u017e zv\u00fd\u0161\u00ed dan\u011b a ostatn\u00ed v\u00fddaje ale op\u011bt si to mysl\u00ed pouze na\u0161e vl\u00e1da. na\u0161i politici se prost\u011b \u0159\u00edd\u00ed heslem Neroz\u010dilovat se ned\u011blat si vr\u00e1sky na \u010dele a utratit co nejv\u00edce pen\u011bz aby jsme co nejv\u00edce zadlu\u017eili na\u0161i kdysi d\u00e1vno kr\u00e1snou zemi. A my jako\u017eto ob\u010dan\u00e9 jim na to odpov\u00edme pouze zvednut\u00fdm prost\u0159edn\u00ed\u010dkem. A co z toho plyne ? tak n\u00e1m to spo\u010d\u00edtali Nebankovn\u00ed hypot\u00e9ka a op\u011bt bez na\u0161eho v\u011bdom\u00ed.                                                                                                                                                                                                                                                                                                                                                                                          3.9\/5 - (9 votes)        "},{"@context":"https:\/\/schema.org\/","@type":"BreadcrumbList","itemListElement":[{"@type":"ListItem","position":1,"name":"Zase ta politika","item":"https:\/\/www.hbrent.cz\/zase-ta-politika\/#breadcrumbitem"}]}]